{"id":2820,"date":"2019-07-29T20:54:57","date_gmt":"2019-07-29T20:54:57","guid":{"rendered":"http:\/\/avaantropologia.com\/?p=2820"},"modified":"2019-09-27T11:46:53","modified_gmt":"2019-09-27T11:46:53","slug":"fins-al-30-de-setembre-presentacio-de-resums-al-ii-congres-internacional-sobre-patrimoni-col%c2%b7lectiu-immaterial","status":"publish","type":"post","link":"https:\/\/avaantropologia.com\/?p=2820","title":{"rendered":"Fins al 30 de setembre, presentaci\u00f3 de resums al II Congr\u00e9s Internacional sobre Patrimoni Col\u00b7lectiu Immaterial"},"content":{"rendered":"<p>Ja est\u00e0 obert el termini de presentaci\u00f3 de resums al II Congr\u00e9s Internacional sobre\u00a0Patrimoni Col\u00b7lectiu Immaterial, que tindr\u00e0 lloc a Val\u00e8ncia els dies 18, 19 i 20 de novembre de 2019 i est\u00e0 organitzat per\u00a0Associaci\u00f3 Valenciana d&#8217;Antropologia i la <a href=\"https:\/\/www.uv.es\/socials\" target=\"_blank\"><strong>Facultat de Ci\u00e8ncies Socials de la Universitat de Val\u00e8ncia<\/strong><\/a>.<\/p>\n<p>Les propostes de comunicaci\u00f3\u00a0poden enviar-se, fins al dia\u00a030 de setembre de 2019, a l&#8217;adre\u00e7a electr\u00f2nica: avantrop@yahoo.es, incloent-hi la seg\u00fcent\u00a0infor<span class=\"text_exposed_show\">maci\u00f3: t\u00edtol de la comunicaci\u00f3, nom i cognoms de l&#8217;autor\/a, instituci\u00f3 de proced\u00e8ncia, e-mail, resum de la comunicaci\u00f3 (amb una extensi\u00f3 m\u00e0xima de 300 paraules) i Grup de Treball al qual es presenta, dins dels quatre GT programats:<br \/>\n<\/span><\/p>\n<ul>\n<li><span class=\"text_exposed_show\">GT 1.\u00a0Gesti\u00f3, inventari i legislaci\u00f3 del Patrimoni Col\u00b7lectiu Immaterial<\/span><\/li>\n<li><span class=\"text_exposed_show\">GT 2. Patrimoni Col\u00b7lectiu Immaterial i participaci\u00f3<\/span><\/li>\n<li><span class=\"text_exposed_show\">GT 3. Discursos i pr\u00e0ctiques del Patrimoni Col\u00b7lectiu Immaterial: d&#8217;all\u00f2 local a all\u00f2 global<\/span><\/li>\n<li><span class=\"text_exposed_show\">GT 4.\u00a0Patrimoni Col\u00b7lectiu Immaterial i turisme\u00a0<\/span><\/li>\n<\/ul>\n<p><span class=\"text_exposed_show\">Esperem les vostres contribucions!<\/span><\/p>\n<p>M\u00e9s informaci\u00f3 <strong><a href=\"https:\/\/congresopciantropologia.wordpress.com\/\" target=\"_blank\">en la web del congr\u00e9s!<\/a><\/strong><\/p>\n","protected":false},"excerpt":{"rendered":"<p>Ja est\u00e0 obert el termini de presentaci\u00f3 de resums al II Congr\u00e9s Internacional sobre\u00a0Patrimoni Col\u00b7lectiu Immaterial, que tindr\u00e0 lloc a Val\u00e8ncia els dies 18, 19 i 20 de novembre de 2019 i est\u00e0 organitzat per\u00a0Associaci\u00f3 Valenciana d&#8217;Antropologia i la <a href=\"https:\/\/www.uv.es\/socials\" target=\"_blank\"><strong>Facultat de Ci\u00e8ncies Socials de la Universitat de Val\u00e8ncia<\/strong><\/a>.<\/p>\n<p>  \u2026 <a class=\"continue-reading-link\" href=\"https:\/\/avaantropologia.com\/?p=2820\">Llegir m\u00e9s<\/a><\/p>\n","protected":false},"author":1,"featured_media":2821,"comment_status":"closed","ping_status":"closed","sticky":false,"template":"","format":"standard","meta":[],"categories":[8],"tags":[],"jetpack_featured_media_url":"https:\/\/avaantropologia.com\/wp-content\/uploads\/2019\/07\/Cartel_II-Congreso-PCI.png","_links":{"self":[{"href":"https:\/\/avaantropologia.com\/index.php?rest_route=\/wp\/v2\/posts\/2820"}],"collection":[{"href":"https:\/\/avaantropologia.com\/index.php?rest_route=\/wp\/v2\/posts"}],"about":[{"href":"https:\/\/avaantropologia.com\/index.php?rest_route=\/wp\/v2\/types\/post"}],"author":[{"embeddable":true,"href":"https:\/\/avaantropologia.com\/index.php?rest_route=\/wp\/v2\/users\/1"}],"replies":[{"embeddable":true,"href":"https:\/\/avaantropologia.com\/index.php?rest_route=%2Fwp%2Fv2%2Fcomments&post=2820"}],"version-history":[{"count":7,"href":"https:\/\/avaantropologia.com\/index.php?rest_route=\/wp\/v2\/posts\/2820\/revisions"}],"predecessor-version":[{"id":2911,"href":"https:\/\/avaantropologia.com\/index.php?rest_route=\/wp\/v2\/posts\/2820\/revisions\/2911"}],"wp:featuredmedia":[{"embeddable":true,"href":"https:\/\/avaantropologia.com\/index.php?rest_route=\/wp\/v2\/media\/2821"}],"wp:attachment":[{"href":"https:\/\/avaantropologia.com\/index.php?rest_route=%2Fwp%2Fv2%2Fmedia&parent=2820"}],"wp:term":[{"taxonomy":"category","embeddable":true,"href":"https:\/\/avaantropologia.com\/index.php?rest_route=%2Fwp%2Fv2%2Fcategories&post=2820"},{"taxonomy":"post_tag","embeddable":true,"href":"https:\/\/avaantropologia.com\/index.php?rest_route=%2Fwp%2Fv2%2Ftags&post=2820"}],"curies":[{"name":"wp","href":"https:\/\/api.w.org\/{rel}","templated":true}]}}